{"id":11469,"date":"2020-08-03T01:18:32","date_gmt":"2020-08-03T00:18:32","guid":{"rendered":"http:\/\/orientad-cp23.wordpresstemporal.com\/?p=11469"},"modified":"2020-08-04T10:30:03","modified_gmt":"2020-08-04T09:30:03","slug":"plan-social-media","status":"publish","type":"post","link":"https:\/\/nw.orientadorweb.com\/blog\/plan-social-media\/","title":{"rendered":"C\u00f3mo hacer un Plan Social Media"},"content":{"rendered":"<p><div class=\"fusion-fullwidth fullwidth-box fusion-builder-row-1 nonhundred-percent-fullwidth non-hundred-percent-height-scrolling\" style=\"--awb-border-radius-top-left:0px;--awb-border-radius-top-right:0px;--awb-border-radius-bottom-right:0px;--awb-border-radius-bottom-left:0px;--awb-flex-wrap:wrap;\" ><div class=\"fusion-builder-row fusion-row\"><div class=\"fusion-layout-column fusion_builder_column fusion-builder-column-0 fusion_builder_column_1_1 1_1 fusion-one-full fusion-column-first fusion-column-last\" style=\"--awb-bg-size:cover;\"><div class=\"fusion-column-wrapper fusion-flex-column-wrapper-legacy\"><div class=\"fusion-text fusion-text-1\"><div class=\"fusion-text fusion-text-1\"><\/div>\n<p style=\"text-align: justify;\">\n<\/div><div class=\"fusion-text fusion-text-3\"><p style=\"text-align: justify;\">\n<\/div><div class=\"fusion-clearfix\"><\/div><\/div><\/div><\/div><\/div><div class=\"fusion-fullwidth fullwidth-box fusion-builder-row-2 hundred-percent-fullwidth non-hundred-percent-height-scrolling\" style=\"--awb-border-radius-top-left:0px;--awb-border-radius-top-right:0px;--awb-border-radius-bottom-right:0px;--awb-border-radius-bottom-left:0px;--awb-overflow:visible;--awb-flex-wrap:wrap;\" ><div class=\"fusion-builder-row fusion-row\"><div class=\"fusion-layout-column fusion_builder_column fusion-builder-column-1 fusion_builder_column_1_1 1_1 fusion-one-full fusion-column-first fusion-column-last fusion-column-no-min-height\" style=\"--awb-bg-size:cover;\"><div class=\"fusion-column-wrapper fusion-flex-column-wrapper-legacy\"><div class=\"fusion-reading-box-container reading-box-container-1\" style=\"--awb-title-color:#333333;--awb-margin-top:0px;--awb-margin-bottom:84px;\"><div class=\"reading-box\" style=\"background-color:#f3f3f3;border-width:0px;border-color:#66ccff;border-left-width:3px;border-left-color:var(--primary_color);border-style:solid;\"><div class=\"fusion-reading-box-flex\"><h2>Debes de tener claro que por muy bueno que sea tu <strong>Plan Social Media<\/strong>, si no se acompa\u00f1an por un Plan de Empresa viable, el trabajo realizado ser\u00e1 en vano.<\/h2><\/div><\/div><svg style=\"opacity:0.7;\" xmlns=\"http:\/\/www.w3.org\/2000\/svg\" version=\"1.1\" width=\"100%\" viewBox=\"0 0 600 28\" preserveAspectRatio=\"none\"><g clip-path=\"url(#a)\"><mask id=\"b\" style=\"mask-type:luminance\" maskUnits=\"userSpaceOnUse\" x=\"0\" y=\"0\" width=\"600\" height=\"28\"><path d=\"M0 0h600v28H0V0Z\" fill=\"#fff\"\/><\/mask><g filter=\"url(#c)\" mask=\"url(#b)\"><path d=\"M16.439-18.667h567.123v30.8S438.961-8.4 300-8.4C161.04-8.4 16.438 12.133 16.438 12.133v-30.8Z\" fill=\"#000\"\/><\/g><\/g><defs><clipPath id=\"a\"><path fill=\"#fff\" d=\"M0 0h600v28H0z\"\/><\/clipPath><filter id=\"c\" x=\"5.438\" y=\"-29.667\" width=\"589.123\" height=\"52.8\" filterUnits=\"userSpaceOnUse\" color-interpolation-filters=\"sRGB\"><feFlood flood-opacity=\"0\" result=\"BackgroundImageFix\"\/><feBlend in=\"SourceGraphic\" in2=\"BackgroundImageFix\" result=\"shape\"\/><feGaussianBlur stdDeviation=\"5.5\" result=\"effect1_foregroundBlur_3983_183\"\/><\/filter><\/defs><\/svg><\/div><div class=\"fusion-text fusion-text-4\"><p style=\"text-align: justify;\"><em><strong>Si no cuentas con un buen producto o servicio, a un precio adecuado, de poco servir\u00e1 tener y seguir un <span style=\"text-decoration: underline;\"><span style=\"color: #00ccff; text-decoration: underline;\">Plan Social Media<\/span><\/span>. Las Redes Sociales ayudan pero no hacen milagros.<\/strong><\/em><\/p>\n<h2 style=\"text-align: justify;\"><span style=\"color: #00ccff;\"><b>Plan Social Media<\/b><\/span><\/h2>\n<h3 style=\"text-align: justify;\"><strong><span style=\"color: #00598f;\">1. An\u00e1lisis inicial de la Situaci\u00f3n<\/span><\/strong><\/h3>\n<p style=\"text-align: justify;\">Antes de iniciarse en el mundo de las Redes Sociales debemos de conocer en qu\u00e9 situaci\u00f3n nos encontramos, y cual es la situaci\u00f3n de nuestra competencia m\u00e1s directa. Es un buen punto de partida para el <strong>Plan Social Media<\/strong>.<\/p>\n<p style=\"text-align: justify;\"><strong>\u00bfQu\u00e9 analizar?<\/strong><\/p>\n<\/div><div class=\"fusion-clearfix\"><\/div><\/div><\/div><div class=\"fusion-layout-column fusion_builder_column fusion-builder-column-2 fusion_builder_column_1_1 1_1 fusion-one-full fusion-column-first fusion-column-last fusion-column-no-min-height\" style=\"--awb-bg-size:cover;\"><div class=\"fusion-column-wrapper fusion-flex-column-wrapper-legacy\"><ul style=\"--awb-iconcolor:#66ccff;--awb-line-height:23.8px;--awb-icon-width:23.8px;--awb-icon-height:23.8px;--awb-icon-margin:9.8px;--awb-content-margin:33.6px;\" class=\"fusion-checklist fusion-checklist-1 fusion-checklist-default type-icons\">\n<ul>\n<li style=\"text-align: justify;\"><b><\/b><b>An\u00e1lisis\u00a0<a title=\"DAFO e-commerce, tienda virtual\" href=\"\/dafo-e-commerce\/\" target=\"_blank\" rel=\"noopener noreferrer\">DAFO<\/a><\/b>. Definir nuestras Debilidades y Fortalezas para realizar acciones para reforzar nuestra marca.<\/li>\n<li style=\"text-align: justify;\"><b>Analizar nuestra\u00a0presencia en Internet.<\/b>\u00a0Comprobar si en alg\u00fan medio Social o en Internet se est\u00e1 hablando de nuestra marca; si es as\u00ed analizar si se trata de comentarios positivos o negativos. Si ya tenemos presencia en alguna Red Social, realizar una toma de los datos m\u00e1s relevantes: fecha de creaci\u00f3n, n\u00famero de seguidores, periodicidad de publicaciones, interacciones de seguidores,&#8230;<\/li>\n<li style=\"text-align: justify;\"><b>Analizar\u00a0competencia\u00a0de nuestros servicios o productos.<\/b>\u00a0Analizar todo lo que podamos de nuestra competencia para aprovechar las estrategias que mejor resultado les han dado.<\/li>\n<\/ul>\n<p style=\"text-align: justify;\"><\/ul><div class=\"fusion-text fusion-text-5\"><h3 style=\"text-align: justify;\"><strong><span style=\"color: #00598f;\">2. Objetivos del Plan Social Media<\/span><\/strong><\/h3>\n<p style=\"text-align: justify;\"><b>\u00bfPor qu\u00e9 queremos estar en las Redes Sociales? \u00bfQu\u00e9 queremos conseguir a cambio? <\/b><\/p>\n<p style=\"text-align: justify;\">Como ya he nombrado al inicio del post no debes de pensar en las Redes Sociales como un canal directo de venta, pero esto no quiere decir que nunca vayas a promocionar tus productos en los Social Media en los que vayas a estar presente (por algo son tuyos \u00bfno?)<\/p>\n<p style=\"text-align: justify;\">Est\u00e1 claro que todo negocio se monta para ganar dinero, \u00bfC\u00f3mo hacer qu\u00e9 indirectamente las Redes Sociales favorezcan la monetizaci\u00f3n de mi negocio? Est\u00e1 claro que las Redes Sociales pueden jugar un papel importante para impulsar tu negocio si lo haces bien, \u00bfC\u00f3mo me pueden ayudar? Dividamos los objetivos dependiendo de lo qu\u00e9 nos puedan ofrecer a nuestro negocio:<\/p>\n<h4 style=\"text-align: justify;\"><span style=\"text-decoration: underline; color: #00ccff;\"><b>Objetivos cualitativos<\/b><\/span><\/h4>\n<p style=\"text-align: justify;\">\n<\/div><div class=\"fusion-clearfix\"><\/div><\/div><\/div><div class=\"fusion-layout-column fusion_builder_column fusion-builder-column-3 fusion_builder_column_1_1 1_1 fusion-one-full fusion-column-first fusion-column-last fusion-column-no-min-height\" style=\"--awb-bg-size:cover;\"><div class=\"fusion-column-wrapper fusion-flex-column-wrapper-legacy\"><ul style=\"--awb-iconcolor:#66ccff;--awb-line-height:23.8px;--awb-icon-width:23.8px;--awb-icon-height:23.8px;--awb-icon-margin:9.8px;--awb-content-margin:33.6px;\" class=\"fusion-checklist fusion-checklist-2 fusion-checklist-default type-icons\">\n\n<li class=\"fusion-li-item\" style=\"\"><span class=\"icon-wrapper circle-no\"><i class=\"fusion-li-icon fa fa-check\" aria-hidden=\"true\"><\/i><\/span><div class=\"fusion-li-item-content\">Quiero estar en las Redes Sociales para mejorar\u00a0 mi <a title=\"Gestiona tu reputaci\u00f3n online. Estrategias para mejorarla\" href=\"\/gestionar-reputacion-online\/\"><strong>reputaci\u00f3n online<\/strong><\/a>.<\/div><\/li>\n<li class=\"fusion-li-item\" style=\"\"><span class=\"icon-wrapper circle-no\"><i class=\"fusion-li-icon fa fa-check\" aria-hidden=\"true\"><\/i><\/span><div class=\"fusion-li-item-content\">Quiero estar en las Redes Sociales para aumentar mi presencia en Internet.<\/div><\/li>\n<li class=\"fusion-li-item\" style=\"\"><span class=\"icon-wrapper circle-no\"><i class=\"fusion-li-icon fa fa-check\" aria-hidden=\"true\"><\/i><\/span><div class=\"fusion-li-item-content\">Quiero estar para comunicarme con los clientes y qu\u00e9 ellos se comuniquen conmigo.<\/div><\/li>\n<li class=\"fusion-li-item\" style=\"\"><span class=\"icon-wrapper circle-no\"><i class=\"fusion-li-icon fa fa-check\" aria-hidden=\"true\"><\/i><\/span><div class=\"fusion-li-item-content\">Quiero estar en las Redes sociales para informar a mis clientes de promociones, nuevos productos,\u2026<\/div><\/li>\n<li class=\"fusion-li-item\" style=\"\"><span class=\"icon-wrapper circle-no\"><i class=\"fusion-li-icon fa fa-check\" aria-hidden=\"true\"><\/i><\/span><div class=\"fusion-li-item-content\">Quiero estar en las Redes Sociales para fidelizar a los clientes.<\/div><\/li>\n<li class=\"fusion-li-item\" style=\"\"><span class=\"icon-wrapper circle-no\"><i class=\"fusion-li-icon fa fa-check\" aria-hidden=\"true\"><\/i><\/span><div class=\"fusion-li-item-content\">Quiero estar en las Redes Sociales para crear contenido que transmita el valor de mi Marca,\u2026<\/div><\/li>\n\n<p style=\"text-align: justify;\"><\/ul><div class=\"fusion-text fusion-text-6\"><h4 style=\"text-align: justify;\"><span style=\"text-decoration: underline; color: #00ccff;\"><b>Objetivos cuantitativos<\/b><\/span><\/h4>\n<p style=\"text-align: justify;\">\n<\/div><div class=\"fusion-clearfix\"><\/div><\/div><\/div><div class=\"fusion-layout-column fusion_builder_column fusion-builder-column-4 fusion_builder_column_1_1 1_1 fusion-one-full fusion-column-first fusion-column-last fusion-column-no-min-height\" style=\"--awb-bg-size:cover;\"><div class=\"fusion-column-wrapper fusion-flex-column-wrapper-legacy\"><ul style=\"--awb-iconcolor:#66ccff;--awb-line-height:23.8px;--awb-icon-width:23.8px;--awb-icon-height:23.8px;--awb-icon-margin:9.8px;--awb-content-margin:33.6px;\" class=\"fusion-checklist fusion-checklist-3 fusion-checklist-default type-icons\">\n\n<li class=\"fusion-li-item\" style=\"\"><span class=\"icon-wrapper circle-no\"><i class=\"fusion-li-icon fa fa-check\" aria-hidden=\"true\"><\/i><\/span><div class=\"fusion-li-item-content\">Quiero estar en las Redes Sociales para <a title=\"C\u00f3mo aumentar el tr\u00e1fico de tu web\" href=\"\/aumentar-trafico-de-tu-web\/\"><strong>aumentar tr\u00e1fico de mi web<\/strong><\/a>.<\/div><\/li>\n<li class=\"fusion-li-item\" style=\"\"><span class=\"icon-wrapper circle-no\"><i class=\"fusion-li-icon fa fa-check\" aria-hidden=\"true\"><\/i><\/span><div class=\"fusion-li-item-content\">Quiero estar en las Redes Sociales para aumentar ventas.<\/div><\/li>\n<li class=\"fusion-li-item\" style=\"\"><span class=\"icon-wrapper circle-no\"><i class=\"fusion-li-icon fa fa-check\" aria-hidden=\"true\"><\/i><\/span><div class=\"fusion-li-item-content\">Quiero estar en las Redes Sociales para <a title=\"C\u00f3mo conseguir seguidores en Twitter r\u00e1pidamente\" href=\"\/como-conseguir-seguidores-en-twitter\/\"><strong>aumentar posible clientes<\/strong><\/a>: seguidores, fans,\u2026<\/div><\/li>\n\n<p style=\"text-align: justify;\"><\/ul><div class=\"fusion-clearfix\"><\/div><\/div><\/div><div class=\"fusion-layout-column fusion_builder_column fusion-builder-column-5 fusion_builder_column_1_1 1_1 fusion-one-full fusion-column-first fusion-column-last fusion-column-no-min-height\" style=\"--awb-bg-size:cover;\"><div class=\"fusion-column-wrapper fusion-flex-column-wrapper-legacy\"><div class=\"fusion-reading-box-container reading-box-container-2\" style=\"--awb-title-color:#333333;--awb-margin-top:0px;--awb-margin-bottom:84px;\"><div class=\"reading-box\" style=\"background-color:#f3f3f3;border-width:0px;border-color:#66ccff;border-left-width:3px;border-left-color:var(--primary_color);border-style:solid;\"><div class=\"fusion-reading-box-flex\"><h2>Debemos de ser conscientes de que los resultados de introducirnos en las <em><strong>Redes Sociales son a medio o largo plazo<\/strong><\/em><\/h2><\/div><\/div><svg style=\"opacity:0.7;\" xmlns=\"http:\/\/www.w3.org\/2000\/svg\" version=\"1.1\" width=\"100%\" viewBox=\"0 0 600 28\" preserveAspectRatio=\"none\"><g clip-path=\"url(#a)\"><mask id=\"b\" style=\"mask-type:luminance\" maskUnits=\"userSpaceOnUse\" x=\"0\" y=\"0\" width=\"600\" height=\"28\"><path d=\"M0 0h600v28H0V0Z\" fill=\"#fff\"\/><\/mask><g filter=\"url(#c)\" mask=\"url(#b)\"><path d=\"M16.439-18.667h567.123v30.8S438.961-8.4 300-8.4C161.04-8.4 16.438 12.133 16.438 12.133v-30.8Z\" fill=\"#000\"\/><\/g><\/g><defs><clipPath id=\"a\"><path fill=\"#fff\" d=\"M0 0h600v28H0z\"\/><\/clipPath><filter id=\"c\" x=\"5.438\" y=\"-29.667\" width=\"589.123\" height=\"52.8\" filterUnits=\"userSpaceOnUse\" color-interpolation-filters=\"sRGB\"><feFlood flood-opacity=\"0\" result=\"BackgroundImageFix\"\/><feBlend in=\"SourceGraphic\" in2=\"BackgroundImageFix\" result=\"shape\"\/><feGaussianBlur stdDeviation=\"5.5\" result=\"effect1_foregroundBlur_3983_183\"\/><\/filter><\/defs><\/svg><\/div><div class=\"fusion-text fusion-text-7\"><p style=\"text-align: justify;\"><em>Los objetivos que definamos deben ser realistas.<\/em> No debes esperar conseguir 10.000 fans o followers en el primer mes, \u00a1Paciencia!<\/p>\n<h3 style=\"text-align: justify;\"><span style=\"color: #00598f;\"><b>3. P\u00fablico Objetivo<\/b><\/span><\/h3>\n<p style=\"text-align: justify;\">Ya teniendo claro cuales son nuestros objetivos para introducirnos en los Social Media, debemos de <b>establecer cual es nuestro <a title=\"Define tu p\u00fablico objetivo en las Redes Sociales\" href=\"https:\/\/nw.orientadorweb.com\/blog\/publico-objetivo-redes-sociales\/\" target=\"_blank\" rel=\"noopener noreferrer\">p\u00fablico objetivo<\/a><\/b> para poder as\u00ed desarrollar luego las estrategias m\u00e1s adecuadas a ese target, y decidirnos qu\u00e9 Red o Redes Sociales son las m\u00e1s adecuadas.<\/p>\n<p style=\"text-align: justify;\">\n<\/div><div class=\"fusion-clearfix\"><\/div><\/div><\/div><div class=\"fusion-layout-column fusion_builder_column fusion-builder-column-6 fusion_builder_column_1_1 1_1 fusion-one-full fusion-column-first fusion-column-last fusion-column-no-min-height\" style=\"--awb-bg-size:cover;\"><div class=\"fusion-column-wrapper fusion-flex-column-wrapper-legacy\"><ul style=\"--awb-iconcolor:#66ccff;--awb-line-height:23.8px;--awb-icon-width:23.8px;--awb-icon-height:23.8px;--awb-icon-margin:9.8px;--awb-content-margin:33.6px;\" class=\"fusion-checklist fusion-checklist-4 fusion-checklist-default type-icons\">\n\n<li class=\"fusion-li-item\" style=\"\"><span class=\"icon-wrapper circle-no\"><i class=\"fusion-li-icon fa fa-check\" aria-hidden=\"true\"><\/i><\/span><div class=\"fusion-li-item-content\">\u00bfCu\u00e1l es el sexo (si es que lo hay) y edad de nuestro p\u00fablico?<\/div><\/li>\n<li class=\"fusion-li-item\" style=\"\"><span class=\"icon-wrapper circle-no\"><i class=\"fusion-li-icon fa fa-check\" aria-hidden=\"true\"><\/i><\/span><div class=\"fusion-li-item-content\">\u00bfEn qu\u00e9 Redes Sociales est\u00e1 presente nuestro p\u00fablico?<\/div><\/li>\n<li class=\"fusion-li-item\" style=\"\"><span class=\"icon-wrapper circle-no\"><i class=\"fusion-li-icon fa fa-check\" aria-hidden=\"true\"><\/i><\/span><div class=\"fusion-li-item-content\">\u00bfQu\u00e9 le interesa a nuestro p\u00fablico?&#8230;<\/div><\/li>\n\n<p style=\"text-align: justify;\"><\/ul><div class=\"fusion-text fusion-text-8\"><h3 style=\"text-align: justify;\"><span style=\"color: #00598f;\"><b>4. \u00bfQu\u00e9 Redes Sociales son las m\u00e1s adecuadas?<\/b><\/span><\/h3>\n<p style=\"text-align: justify;\">Debemos estudiar qu\u00e9 <strong>Red Social est\u00e1 m\u00e1s encaminada hacia nuestros objetivos y target<\/strong>. As\u00ed, si estamos vendiendo art\u00edculos de lujo, debemos descartar aquellas Redes Sociales donde los usuarios principales no dispongan de medios econ\u00f3micos para poder adquirir nuestros productos. Hay que tener presente la naturaleza de los servicios o productos de nuestra marca para aterrizar en el Social Media con mejores probabilidades de \u00e9xito.<\/p>\n<p style=\"text-align: justify;\">Hago aqu\u00ed una distinci\u00f3n entre Redes horizontales (generalistas) y Redes verticales (especializadas). Podemos estar presente en ambas, no son incompatibles. Debes de saber que dentro de las redes horizontales pueden existir subgrupos de redes verticales. Podemos tener un perfil Google+ como red horizontal, pero adem\u00e1s tener una p\u00e1gina especializada sobre nuestros productos y pertenecer en comunidades afines a nuestra marca; en este caso Google + act\u00faa al mismo tiempo como red horizontal y vertical.<\/p>\n<h4 style=\"text-align: justify;\"><span style=\"color: #00ccff;\"><a href=\"http:\/\/recursostic.educacion.es\/observatorio\/web\/es\/internet\/web-20\/1043-redes-sociales?start=3\" target=\"_blank\" rel=\"noopener noreferrer\"><span style=\"text-decoration: underline; color: #00ccff;\"><b>Redes Horizontales<\/b><\/span><\/a><b><a href=\"\/wp-content\/uploads\/2013\/12\/Plan-Socia-Media-2-op.jpg\"><img decoding=\"async\" class=\"alignright size-full wp-image-8592\" src=\"https:\/\/nw.orientadorweb.com\/blog\/wp-content\/uploads\/2013\/12\/Plan-Socia-Media-2-op.jpg\" alt=\"Plan Social Media Orientadorweb\" width=\"340\" height=\"327\" \/><\/a><\/b><\/span><\/h4>\n<p style=\"text-align: justify; padding-left: 30px;\">Facebook,<\/p>\n<p style=\"text-align: justify; padding-left: 30px;\">Twitter,<\/p>\n<p style=\"text-align: justify; padding-left: 30px;\">Google+,\u2026<\/p>\n<h4 style=\"text-align: justify;\"><span style=\"text-decoration: underline; color: #00ccff;\"><b>Redes Verticales<\/b><\/span><\/h4>\n<p style=\"text-align: justify; padding-left: 30px;\">Linkedin,<\/p>\n<p style=\"text-align: justify; padding-left: 30px;\">Redes tem\u00e1ticas,<\/p>\n<p style=\"text-align: justify; padding-left: 30px;\">Redes especializadas,&#8230;<\/p>\n<p style=\"text-align: justify;\"><strong>Estar en las Redes Sociales no significa tener un perfil en Facebook, Twitter o Google+<\/strong><\/p>\n<h3 style=\"text-align: justify;\"><span style=\"color: #00598f;\"><b>5. Estrategias para Plan Social Media<\/b><\/span><\/h3>\n<p style=\"text-align: justify;\">Dependiendo de la Red Social que hayas elegido para promocionar tu marca, as\u00ed debes de adaptar tus acciones a las \u201creglas\u201d del medio en que te muevas.<\/p>\n<p style=\"text-align: justify;\">Algunas estrategias pueden servir para m\u00e1s de una Red Social, pero otras acciones s\u00f3lo las podr\u00e1s poner en pr\u00e1ctica en un medio social determinado.<\/p>\n<p style=\"text-align: justify;\">\n<\/div><div class=\"fusion-clearfix\"><\/div><\/div><\/div><div class=\"fusion-layout-column fusion_builder_column fusion-builder-column-7 fusion_builder_column_1_1 1_1 fusion-one-full fusion-column-first fusion-column-last fusion-column-no-min-height\" style=\"--awb-bg-size:cover;\"><div class=\"fusion-column-wrapper fusion-flex-column-wrapper-legacy\"><ul style=\"--awb-iconcolor:#66ccff;--awb-line-height:23.8px;--awb-icon-width:23.8px;--awb-icon-height:23.8px;--awb-icon-margin:9.8px;--awb-content-margin:33.6px;\" class=\"fusion-checklist fusion-checklist-5 fusion-checklist-default type-icons\">\n\n<li class=\"fusion-li-item\" style=\"\"><span class=\"icon-wrapper circle-no\"><i class=\"fusion-li-icon fa fa-check\" aria-hidden=\"true\"><\/i><\/span><div class=\"fusion-li-item-content\">Periodicidad de publicaciones.<\/div><\/li>\n<li class=\"fusion-li-item\" style=\"\"><span class=\"icon-wrapper circle-no\"><i class=\"fusion-li-icon fa fa-check\" aria-hidden=\"true\"><\/i><\/span><div class=\"fusion-li-item-content\">Concursos, Eventos,\u2026(si se presta nuestro negocio a ello)<\/div><\/li>\n<li class=\"fusion-li-item\" style=\"\"><span class=\"icon-wrapper circle-no\"><i class=\"fusion-li-icon fa fa-check\" aria-hidden=\"true\"><\/i><\/span><div class=\"fusion-li-item-content\">Elegir tono con el que nos vamos a dirigir a nuestros seguidores.<\/div><\/li>\n<li class=\"fusion-li-item\" style=\"\"><span class=\"icon-wrapper circle-no\"><i class=\"fusion-li-icon fa fa-check\" aria-hidden=\"true\"><\/i><\/span><div class=\"fusion-li-item-content\">C\u00f3mo responder a las preguntas que vayan surgiendo.<\/div><\/li>\n<li class=\"fusion-li-item\" style=\"\"><span class=\"icon-wrapper circle-no\"><i class=\"fusion-li-icon fa fa-check\" aria-hidden=\"true\"><\/i><\/span><div class=\"fusion-li-item-content\">Dise\u00f1o de \u201cportadas\u201d de Redes Sociales acorde a la imagen de nuestra marca corporativa.<\/div><\/li>\n<li class=\"fusion-li-item\" style=\"\"><span class=\"icon-wrapper circle-no\"><i class=\"fusion-li-icon fa fa-check\" aria-hidden=\"true\"><\/i><\/span><div class=\"fusion-li-item-content\">Cuidar a los seguidores o fans.<\/div><\/li>\n\n<p style=\"text-align: justify;\"><\/ul><div class=\"fusion-text fusion-text-9\"><h3 style=\"text-align: justify;\"><span style=\"color: #00598f;\"><b>6.- Community Manager o responsable Plan Social Media<\/b><\/span><\/h3>\n<p style=\"text-align: justify;\">Estar en las Redes Sociales supone invertir no s\u00f3lo tiempo sino recursos econ\u00f3micos. Debes de tener claro que la inversi\u00f3n depender\u00e1 de la naturaleza de tu negocio, pero si quieres tener resultados debes de saber que hay que dedicarle bastantes horas:<\/p>\n<p style=\"text-align: justify;\">\n<\/div><div class=\"fusion-clearfix\"><\/div><\/div><\/div><div class=\"fusion-layout-column fusion_builder_column fusion-builder-column-8 fusion_builder_column_1_1 1_1 fusion-one-full fusion-column-first fusion-column-last fusion-column-no-min-height\" style=\"--awb-bg-size:cover;\"><div class=\"fusion-column-wrapper fusion-flex-column-wrapper-legacy\"><ul style=\"--awb-iconcolor:#66ccff;--awb-line-height:23.8px;--awb-icon-width:23.8px;--awb-icon-height:23.8px;--awb-icon-margin:9.8px;--awb-content-margin:33.6px;\" class=\"fusion-checklist fusion-checklist-6 fusion-checklist-default type-icons\">\n\n<li class=\"fusion-li-item\" style=\"\"><span class=\"icon-wrapper circle-no\"><i class=\"fusion-li-icon fa fa-check\" aria-hidden=\"true\"><\/i><\/span><div class=\"fusion-li-item-content\">Tiempo para sabe si est\u00e1n hablando de ti en las Redes,<\/div><\/li>\n<li class=\"fusion-li-item\" style=\"\"><span class=\"icon-wrapper circle-no\"><i class=\"fusion-li-icon fa fa-check\" aria-hidden=\"true\"><\/i><\/span><div class=\"fusion-li-item-content\">\u00a0Tiempo para crear y\/o compartir contenidos con tus clientes,<\/div><\/li>\n<li class=\"fusion-li-item\" style=\"\"><span class=\"icon-wrapper circle-no\"><i class=\"fusion-li-icon fa fa-check\" aria-hidden=\"true\"><\/i><\/span><div class=\"fusion-li-item-content\">\u00a0Tiempo para comunicarse con ellos (escucharlos activamente y responder a sus dudas),<\/div><\/li>\n<li class=\"fusion-li-item\" style=\"\"><span class=\"icon-wrapper circle-no\"><i class=\"fusion-li-icon fa fa-check\" aria-hidden=\"true\"><\/i><\/span><div class=\"fusion-li-item-content\">\u00a0Tiempo para investigar donde se encuentran tus posibles clientes,<\/div><\/li>\n<li class=\"fusion-li-item\" style=\"\"><span class=\"icon-wrapper circle-no\"><i class=\"fusion-li-icon fa fa-check\" aria-hidden=\"true\"><\/i><\/span><div class=\"fusion-li-item-content\">\u00a0Tiempo para comprobar qu\u00e9 estrategias dan mejor resultados,<\/div><\/li>\n<li class=\"fusion-li-item\" style=\"\"><span class=\"icon-wrapper circle-no\"><i class=\"fusion-li-icon fa fa-check\" aria-hidden=\"true\"><\/i><\/span><div class=\"fusion-li-item-content\">\u00a0Tiempo para toma de datos y analizar resultados,<\/div><\/li>\n<li class=\"fusion-li-item\" style=\"\"><span class=\"icon-wrapper circle-no\"><i class=\"fusion-li-icon fa fa-check\" aria-hidden=\"true\"><\/i><\/span><div class=\"fusion-li-item-content\">\u00a0Tiempo para cambiar estrategias,\u2026<\/div><\/li>\n\n<p style=\"text-align: justify;\"><\/ul><div class=\"fusion-text fusion-text-10\"><p style=\"text-align: justify;\">Est\u00e1 claro que si no dispones de tiempo o no posees conocimientos profundos en las Redes Sociales, debes de contratar el servicio de un buen\u00a0<a title=\"Community Manager\" href=\"\/community-manager\/\" target=\"_blank\" rel=\"noopener noreferrer\"><strong>Community Manager<\/strong><\/a>, bien contrat\u00e1ndolo directamente desde la propia empresa (menos econ\u00f3mico),o externaliz\u00e1ndolo el servicio del Plan Social Media (empresa o freelance).<\/p>\n<p style=\"text-align: justify;\"><strong>A veces se comete el error de que la labor de gestionar una Red Social puede hacerla cualquiera<\/strong>. \u00bfConoce la persona que est\u00e1s pensando (familiar o conocido) qu\u00e9 herramientas utilizar para medir la evoluci\u00f3n de tu presencia en las Redes Sociales? o \u00bfC\u00faales son las estrategias que pueden ser m\u00e1s efectivas?, \u00bfSabe realizar un Plan Social Media?, &#8230;<\/p>\n<h3 style=\"text-align: justify;\"><span style=\"color: #00598f;\"><b>7. Protocolo de Crisis<\/b><\/span><\/h3>\n<p style=\"text-align: justify;\">Aunque pensemos que seamos los mejores ofreciendo servicios a nuestros clientes, <strong><span style=\"text-decoration: underline;\"><span style=\"color: #00ccff; text-decoration: underline;\">siempre habr\u00e1 clientes insatisfechos<\/span><\/span><\/strong>, y por ello es imprescindible contar con un protocolo a seguir para cuando ocurran incorporado en el <strong>Plan Social Media<\/strong>. \u00bfqu\u00e9 poner?<\/p>\n<p style=\"text-align: justify;\">\n<\/div><div class=\"fusion-clearfix\"><\/div><\/div><\/div><div class=\"fusion-layout-column fusion_builder_column fusion-builder-column-9 fusion_builder_column_1_1 1_1 fusion-one-full fusion-column-first fusion-column-last fusion-column-no-min-height\" style=\"--awb-bg-size:cover;\"><div class=\"fusion-column-wrapper fusion-flex-column-wrapper-legacy\"><ul style=\"--awb-iconcolor:#66ccff;--awb-line-height:23.8px;--awb-icon-width:23.8px;--awb-icon-height:23.8px;--awb-icon-margin:9.8px;--awb-content-margin:33.6px;\" class=\"fusion-checklist fusion-checklist-7 fusion-checklist-default type-icons\">\n\n<li class=\"fusion-li-item\" style=\"\"><span class=\"icon-wrapper circle-no\"><i class=\"fusion-li-icon fa fa-check\" aria-hidden=\"true\"><\/i><\/span><div class=\"fusion-li-item-content\">Definir situaci\u00f3n de crisis. Cada vez que haya un cliente insatisfecho no debemos de recurrir al protocolo.<\/div><\/li>\n<li class=\"fusion-li-item\" style=\"\"><span class=\"icon-wrapper circle-no\"><i class=\"fusion-li-icon fa fa-check\" aria-hidden=\"true\"><\/i><\/span><div class=\"fusion-li-item-content\">\u00a0Qu\u00e9 medidas tomaremos cuando se presente: responsable que la gestionar\u00e1.<\/div><\/li>\n<li class=\"fusion-li-item\" style=\"\"><span class=\"icon-wrapper circle-no\"><i class=\"fusion-li-icon fa fa-check\" aria-hidden=\"true\"><\/i><\/span><div class=\"fusion-li-item-content\">\u00a0Respuestas posibles que podemos decir a nuestros seguidores.<\/div><\/li>\n<li class=\"fusion-li-item\" style=\"\"><span class=\"icon-wrapper circle-no\"><i class=\"fusion-li-icon fa fa-check\" aria-hidden=\"true\"><\/i><\/span><div class=\"fusion-li-item-content\">Monitorizaci\u00f3n de Redes Sociales tras la crisis,&#8230;<\/div><\/li>\n\n<p style=\"text-align: justify;\"><\/ul><div class=\"fusion-text fusion-text-11\"><p style=\"text-align: justify;\">Os dejo un enlace para saber <a title=\"C\u00f3mo gestionar una crisis en las redes sociales\" href=\"\/como-gestionar-una-crisis-en-las-redes-sociales\/\" target=\"_blank\" rel=\"noopener noreferrer\"><strong>c\u00f3mo gestionar una crisis en las Redes Sociales y llevar a cabo\u00a0un Protocolo de acci\u00f3n.<\/strong><\/a><\/p>\n<h3 style=\"text-align: justify;\"><strong><span style=\"color: #00598f;\">8. An\u00e1lisis de Resultados<\/span><\/strong><\/h3>\n<p style=\"text-align: justify;\">Analizaremos resultados en base a los objetivos marcados, si se han realizado campa\u00f1as debemos analizarlas independientemente.<\/p>\n<p style=\"text-align: justify;\">Para analizar resultados debemos elegir herramientas de an\u00e1lisis adecuadas: Google analytics, herramientas espec\u00edficas de las Redes Sociales,\u2026<\/p>\n<p style=\"text-align: justify;\">Mediremos aquellos datos en funci\u00f3n de los objetivos marcados: aumento de tr\u00e1fico, rentabilidad, menciones, &#8230;Para ello debemos elegir las <a title=\"50 M\u00e9tricas Social Media a tener en cuenta\" href=\"\/50-metricas-social-media\/\" target=\"_blank\" rel=\"noopener noreferrer\"><strong><em>m\u00e9tricas Social Media<\/em><\/strong><\/a> m\u00e1s adecuadas.<\/p>\n<p style=\"text-align: justify;\">\n<\/div><div class=\"fusion-clearfix\"><\/div><\/div><\/div><div class=\"fusion-layout-column fusion_builder_column fusion-builder-column-10 fusion_builder_column_1_1 1_1 fusion-one-full fusion-column-first fusion-column-last fusion-column-no-min-height\" style=\"--awb-bg-size:cover;\"><div class=\"fusion-column-wrapper fusion-flex-column-wrapper-legacy\"><div class=\"fusion-reading-box-container reading-box-container-3\" style=\"--awb-title-color:#333333;--awb-margin-top:0px;--awb-margin-bottom:84px;\"><div class=\"reading-box\" style=\"background-color:#f3f3f3;border-width:0px;border-color:#66ccff;border-left-width:3px;border-left-color:var(--primary_color);border-style:solid;\"><div class=\"fusion-reading-box-flex\"><h2>El Plan Social Media debe contemplarse como un documento vivo, debe cambiarse en funci\u00f3n de resultados obtenidos.<\/h2><\/div><\/div><svg style=\"opacity:0.7;\" xmlns=\"http:\/\/www.w3.org\/2000\/svg\" version=\"1.1\" width=\"100%\" viewBox=\"0 0 600 28\" preserveAspectRatio=\"none\"><g clip-path=\"url(#a)\"><mask id=\"b\" style=\"mask-type:luminance\" maskUnits=\"userSpaceOnUse\" x=\"0\" y=\"0\" width=\"600\" height=\"28\"><path d=\"M0 0h600v28H0V0Z\" fill=\"#fff\"\/><\/mask><g filter=\"url(#c)\" mask=\"url(#b)\"><path d=\"M16.439-18.667h567.123v30.8S438.961-8.4 300-8.4C161.04-8.4 16.438 12.133 16.438 12.133v-30.8Z\" fill=\"#000\"\/><\/g><\/g><defs><clipPath id=\"a\"><path fill=\"#fff\" d=\"M0 0h600v28H0z\"\/><\/clipPath><filter id=\"c\" x=\"5.438\" y=\"-29.667\" width=\"589.123\" height=\"52.8\" filterUnits=\"userSpaceOnUse\" color-interpolation-filters=\"sRGB\"><feFlood flood-opacity=\"0\" result=\"BackgroundImageFix\"\/><feBlend in=\"SourceGraphic\" in2=\"BackgroundImageFix\" result=\"shape\"\/><feGaussianBlur stdDeviation=\"5.5\" result=\"effect1_foregroundBlur_3983_183\"\/><\/filter><\/defs><\/svg><\/div><div class=\"fusion-clearfix\"><\/div><\/div><\/div><div class=\"fusion-layout-column fusion_builder_column fusion-builder-column-11 fusion_builder_column_1_1 1_1 fusion-one-full fusion-column-first fusion-column-last fusion-column-no-min-height\" style=\"--awb-bg-size:cover;\"><div class=\"fusion-column-wrapper fusion-flex-column-wrapper-legacy\"><div class=\"fusion-text fusion-text-12\"><p>[dropcap]E[\/fusion_dropcap]star en las <strong>Redes Sociales<\/strong> es una decisi\u00f3n que debe meditarse, y ser consciente que para obtener resultados hay que dedicarle mucho tiempo y esfuerzo. Los seguidores a nuestra Marca no llueven del cielo, hay que gan\u00e1rselos, est\u00e1 en nosotros invertir en las Redes Sociales si creemos que pueden rentabilizar nuestros negocios.<\/p>\n<p style=\"text-align: justify;\"><em><strong>No cometas el error de iniciarte en las Redes Sociales sin contar con un <span style=\"text-decoration: underline;\">Plan Social Media<\/span><\/strong><\/em>. Nunca es tarde para realizarlo.<\/p>\n<p><a href=\"http:\/\/www.safecreative.org\/work\/1312149588288\" rel=\"cc:license\"><img decoding=\"async\" style=\"border: 0;\" src=\"http:\/\/resources.safecreative.org\/work\/1312149588288\/label\/barcode-150\" alt=\"Safe Creative #1312149588288\" \/><\/a><\/p>\n<\/div><div class=\"fusion-clearfix\"><\/div><\/div><\/div><\/div><\/div><\/p>\n","protected":false},"excerpt":{"rendered":"","protected":false},"author":2,"featured_media":11752,"comment_status":"open","ping_status":"open","sticky":false,"template":"","format":"standard","meta":{"footnotes":""},"categories":[35,43],"tags":[47,60,65,66],"class_list":["post-11469","post","type-post","status-publish","format-standard","has-post-thumbnail","hentry","category-servicios-community-manager","category-socialmedia-marketing","tag-community-manager","tag-plan-social-media","tag-redes-sociales","tag-socialmedia-marketing"],"yoast_head":"<!-- This site is optimized with the Yoast SEO plugin v25.4 - https:\/\/yoast.com\/wordpress\/plugins\/seo\/ -->\n<title>C\u00f3mo hacer un Plan Social Media<\/title>\n<meta name=\"description\" content=\"C\u00f3mo hacer tu propio Plan Social Media. Gui\u00f3n a seguir para que funcione tu presencia en las Redes Sociales. C\u00f3mo ayudan a rentabilizar un negocio.\" \/>\n<meta name=\"robots\" content=\"noindex, follow, max-snippet:-1, max-image-preview:large, max-video-preview:-1\" \/>\n<meta property=\"og:locale\" content=\"es_ES\" \/>\n<meta property=\"og:type\" content=\"article\" \/>\n<meta property=\"og:title\" content=\"C\u00f3mo hacer un Plan Social Media\" \/>\n<meta property=\"og:description\" content=\"C\u00f3mo hacer tu propio Plan Social Media. Gui\u00f3n a seguir para que funcione tu presencia en las Redes Sociales. C\u00f3mo ayudan a rentabilizar un negocio.\" \/>\n<meta property=\"og:url\" content=\"https:\/\/nw.orientadorweb.com\/blog\/plan-social-media\/\" \/>\n<meta property=\"og:site_name\" content=\"Orientadorweb\" \/>\n<meta property=\"article:publisher\" content=\"https:\/\/www.facebook.com\/Orientadorweb?ref=hl\" \/>\n<meta property=\"article:published_time\" content=\"2020-08-03T00:18:32+00:00\" \/>\n<meta property=\"article:modified_time\" content=\"2020-08-04T09:30:03+00:00\" \/>\n<meta property=\"og:image\" content=\"https:\/\/nw.orientadorweb.com\/blog\/wp-content\/uploads\/2013\/12\/Plan-Social-Media-op1.jpg\" \/>\n\t<meta property=\"og:image:width\" content=\"800\" \/>\n\t<meta property=\"og:image:height\" content=\"449\" \/>\n\t<meta property=\"og:image:type\" content=\"image\/jpeg\" \/>\n<meta name=\"author\" content=\"Eduardo J. Mej\u00edas Di\u00e1nez\" \/>\n<meta name=\"twitter:card\" content=\"summary_large_image\" \/>\n<meta name=\"twitter:creator\" content=\"@orientadorweb\" \/>\n<meta name=\"twitter:site\" content=\"@orientadorweb\" \/>\n<meta name=\"twitter:label1\" content=\"Escrito por\" \/>\n\t<meta name=\"twitter:data1\" content=\"Eduardo J. Mej\u00edas Di\u00e1nez\" \/>\n\t<meta name=\"twitter:label2\" content=\"Tiempo de lectura\" \/>\n\t<meta name=\"twitter:data2\" content=\"14 minutos\" \/>\n<script type=\"application\/ld+json\" class=\"yoast-schema-graph\">{\"@context\":\"https:\/\/schema.org\",\"@graph\":[{\"@type\":\"WebPage\",\"@id\":\"https:\/\/nw.orientadorweb.com\/blog\/plan-social-media\/\",\"url\":\"https:\/\/nw.orientadorweb.com\/blog\/plan-social-media\/\",\"name\":\"C\u00f3mo hacer un Plan Social Media\",\"isPartOf\":{\"@id\":\"https:\/\/nw.orientadorweb.com\/blog\/#website\"},\"primaryImageOfPage\":{\"@id\":\"https:\/\/nw.orientadorweb.com\/blog\/plan-social-media\/#primaryimage\"},\"image\":{\"@id\":\"https:\/\/nw.orientadorweb.com\/blog\/plan-social-media\/#primaryimage\"},\"thumbnailUrl\":\"https:\/\/nw.orientadorweb.com\/blog\/wp-content\/uploads\/2013\/12\/Plan-Social-Media-op1.jpg\",\"datePublished\":\"2020-08-03T00:18:32+00:00\",\"dateModified\":\"2020-08-04T09:30:03+00:00\",\"author\":{\"@id\":\"https:\/\/nw.orientadorweb.com\/blog\/#\/schema\/person\/ed3fd688256838875310cad7ff892936\"},\"description\":\"C\u00f3mo hacer tu propio Plan Social Media. Gui\u00f3n a seguir para que funcione tu presencia en las Redes Sociales. C\u00f3mo ayudan a rentabilizar un negocio.\",\"breadcrumb\":{\"@id\":\"https:\/\/nw.orientadorweb.com\/blog\/plan-social-media\/#breadcrumb\"},\"inLanguage\":\"es\",\"potentialAction\":[{\"@type\":\"ReadAction\",\"target\":[\"https:\/\/nw.orientadorweb.com\/blog\/plan-social-media\/\"]}]},{\"@type\":\"ImageObject\",\"inLanguage\":\"es\",\"@id\":\"https:\/\/nw.orientadorweb.com\/blog\/plan-social-media\/#primaryimage\",\"url\":\"https:\/\/nw.orientadorweb.com\/blog\/wp-content\/uploads\/2013\/12\/Plan-Social-Media-op1.jpg\",\"contentUrl\":\"https:\/\/nw.orientadorweb.com\/blog\/wp-content\/uploads\/2013\/12\/Plan-Social-Media-op1.jpg\",\"width\":800,\"height\":449,\"caption\":\"Plan Social Media Orientadorweb socialmedia marketing\"},{\"@type\":\"BreadcrumbList\",\"@id\":\"https:\/\/nw.orientadorweb.com\/blog\/plan-social-media\/#breadcrumb\",\"itemListElement\":[{\"@type\":\"ListItem\",\"position\":1,\"name\":\"Portada\",\"item\":\"https:\/\/nw.orientadorweb.com\/blog\/\"},{\"@type\":\"ListItem\",\"position\":2,\"name\":\"C\u00f3mo hacer un Plan Social Media\"}]},{\"@type\":\"WebSite\",\"@id\":\"https:\/\/nw.orientadorweb.com\/blog\/#website\",\"url\":\"https:\/\/nw.orientadorweb.com\/blog\/\",\"name\":\"Orientadorweb\",\"description\":\"Marketing Online - Posicionamiento Web\",\"potentialAction\":[{\"@type\":\"SearchAction\",\"target\":{\"@type\":\"EntryPoint\",\"urlTemplate\":\"https:\/\/nw.orientadorweb.com\/blog\/?s={search_term_string}\"},\"query-input\":{\"@type\":\"PropertyValueSpecification\",\"valueRequired\":true,\"valueName\":\"search_term_string\"}}],\"inLanguage\":\"es\"},{\"@type\":\"Person\",\"@id\":\"https:\/\/nw.orientadorweb.com\/blog\/#\/schema\/person\/ed3fd688256838875310cad7ff892936\",\"name\":\"Eduardo J. Mej\u00edas Di\u00e1nez\",\"image\":{\"@type\":\"ImageObject\",\"inLanguage\":\"es\",\"@id\":\"https:\/\/nw.orientadorweb.com\/blog\/#\/schema\/person\/image\/\",\"url\":\"https:\/\/secure.gravatar.com\/avatar\/fe6f6dfd10373e6925b80460b76d04f602fbe05077663fc9592948fdc2702cf7?s=96&d=identicon&r=g\",\"contentUrl\":\"https:\/\/secure.gravatar.com\/avatar\/fe6f6dfd10373e6925b80460b76d04f602fbe05077663fc9592948fdc2702cf7?s=96&d=identicon&r=g\",\"caption\":\"Eduardo J. Mej\u00edas Di\u00e1nez\"},\"description\":\"Trabajador nato. El secreto: m\u00e1rcarte objetivos claros, medibles y reales, y lucha por ellos d\u00eda a d\u00eda. Descubriendo siempre cosas nuevas...\",\"sameAs\":[\"https:\/\/x.com\/orientadorweb\"],\"url\":\"https:\/\/nw.orientadorweb.com\/blog\/author\/edu\/\"}]}<\/script>\n<!-- \/ Yoast SEO plugin. -->","yoast_head_json":{"title":"C\u00f3mo hacer un Plan Social Media","description":"C\u00f3mo hacer tu propio Plan Social Media. Gui\u00f3n a seguir para que funcione tu presencia en las Redes Sociales. C\u00f3mo ayudan a rentabilizar un negocio.","robots":{"index":"noindex","follow":"follow","max-snippet":"max-snippet:-1","max-image-preview":"max-image-preview:large","max-video-preview":"max-video-preview:-1"},"og_locale":"es_ES","og_type":"article","og_title":"C\u00f3mo hacer un Plan Social Media","og_description":"C\u00f3mo hacer tu propio Plan Social Media. Gui\u00f3n a seguir para que funcione tu presencia en las Redes Sociales. C\u00f3mo ayudan a rentabilizar un negocio.","og_url":"https:\/\/nw.orientadorweb.com\/blog\/plan-social-media\/","og_site_name":"Orientadorweb","article_publisher":"https:\/\/www.facebook.com\/Orientadorweb?ref=hl","article_published_time":"2020-08-03T00:18:32+00:00","article_modified_time":"2020-08-04T09:30:03+00:00","og_image":[{"width":800,"height":449,"url":"https:\/\/nw.orientadorweb.com\/blog\/wp-content\/uploads\/2013\/12\/Plan-Social-Media-op1.jpg","type":"image\/jpeg"}],"author":"Eduardo J. Mej\u00edas Di\u00e1nez","twitter_card":"summary_large_image","twitter_creator":"@orientadorweb","twitter_site":"@orientadorweb","twitter_misc":{"Escrito por":"Eduardo J. Mej\u00edas Di\u00e1nez","Tiempo de lectura":"14 minutos"},"schema":{"@context":"https:\/\/schema.org","@graph":[{"@type":"WebPage","@id":"https:\/\/nw.orientadorweb.com\/blog\/plan-social-media\/","url":"https:\/\/nw.orientadorweb.com\/blog\/plan-social-media\/","name":"C\u00f3mo hacer un Plan Social Media","isPartOf":{"@id":"https:\/\/nw.orientadorweb.com\/blog\/#website"},"primaryImageOfPage":{"@id":"https:\/\/nw.orientadorweb.com\/blog\/plan-social-media\/#primaryimage"},"image":{"@id":"https:\/\/nw.orientadorweb.com\/blog\/plan-social-media\/#primaryimage"},"thumbnailUrl":"https:\/\/nw.orientadorweb.com\/blog\/wp-content\/uploads\/2013\/12\/Plan-Social-Media-op1.jpg","datePublished":"2020-08-03T00:18:32+00:00","dateModified":"2020-08-04T09:30:03+00:00","author":{"@id":"https:\/\/nw.orientadorweb.com\/blog\/#\/schema\/person\/ed3fd688256838875310cad7ff892936"},"description":"C\u00f3mo hacer tu propio Plan Social Media. Gui\u00f3n a seguir para que funcione tu presencia en las Redes Sociales. C\u00f3mo ayudan a rentabilizar un negocio.","breadcrumb":{"@id":"https:\/\/nw.orientadorweb.com\/blog\/plan-social-media\/#breadcrumb"},"inLanguage":"es","potentialAction":[{"@type":"ReadAction","target":["https:\/\/nw.orientadorweb.com\/blog\/plan-social-media\/"]}]},{"@type":"ImageObject","inLanguage":"es","@id":"https:\/\/nw.orientadorweb.com\/blog\/plan-social-media\/#primaryimage","url":"https:\/\/nw.orientadorweb.com\/blog\/wp-content\/uploads\/2013\/12\/Plan-Social-Media-op1.jpg","contentUrl":"https:\/\/nw.orientadorweb.com\/blog\/wp-content\/uploads\/2013\/12\/Plan-Social-Media-op1.jpg","width":800,"height":449,"caption":"Plan Social Media Orientadorweb socialmedia marketing"},{"@type":"BreadcrumbList","@id":"https:\/\/nw.orientadorweb.com\/blog\/plan-social-media\/#breadcrumb","itemListElement":[{"@type":"ListItem","position":1,"name":"Portada","item":"https:\/\/nw.orientadorweb.com\/blog\/"},{"@type":"ListItem","position":2,"name":"C\u00f3mo hacer un Plan Social Media"}]},{"@type":"WebSite","@id":"https:\/\/nw.orientadorweb.com\/blog\/#website","url":"https:\/\/nw.orientadorweb.com\/blog\/","name":"Orientadorweb","description":"Marketing Online - Posicionamiento Web","potentialAction":[{"@type":"SearchAction","target":{"@type":"EntryPoint","urlTemplate":"https:\/\/nw.orientadorweb.com\/blog\/?s={search_term_string}"},"query-input":{"@type":"PropertyValueSpecification","valueRequired":true,"valueName":"search_term_string"}}],"inLanguage":"es"},{"@type":"Person","@id":"https:\/\/nw.orientadorweb.com\/blog\/#\/schema\/person\/ed3fd688256838875310cad7ff892936","name":"Eduardo J. Mej\u00edas Di\u00e1nez","image":{"@type":"ImageObject","inLanguage":"es","@id":"https:\/\/nw.orientadorweb.com\/blog\/#\/schema\/person\/image\/","url":"https:\/\/secure.gravatar.com\/avatar\/fe6f6dfd10373e6925b80460b76d04f602fbe05077663fc9592948fdc2702cf7?s=96&d=identicon&r=g","contentUrl":"https:\/\/secure.gravatar.com\/avatar\/fe6f6dfd10373e6925b80460b76d04f602fbe05077663fc9592948fdc2702cf7?s=96&d=identicon&r=g","caption":"Eduardo J. Mej\u00edas Di\u00e1nez"},"description":"Trabajador nato. El secreto: m\u00e1rcarte objetivos claros, medibles y reales, y lucha por ellos d\u00eda a d\u00eda. Descubriendo siempre cosas nuevas...","sameAs":["https:\/\/x.com\/orientadorweb"],"url":"https:\/\/nw.orientadorweb.com\/blog\/author\/edu\/"}]}},"_links":{"self":[{"href":"https:\/\/nw.orientadorweb.com\/blog\/wp-json\/wp\/v2\/posts\/11469","targetHints":{"allow":["GET"]}}],"collection":[{"href":"https:\/\/nw.orientadorweb.com\/blog\/wp-json\/wp\/v2\/posts"}],"about":[{"href":"https:\/\/nw.orientadorweb.com\/blog\/wp-json\/wp\/v2\/types\/post"}],"author":[{"embeddable":true,"href":"https:\/\/nw.orientadorweb.com\/blog\/wp-json\/wp\/v2\/users\/2"}],"replies":[{"embeddable":true,"href":"https:\/\/nw.orientadorweb.com\/blog\/wp-json\/wp\/v2\/comments?post=11469"}],"version-history":[{"count":0,"href":"https:\/\/nw.orientadorweb.com\/blog\/wp-json\/wp\/v2\/posts\/11469\/revisions"}],"wp:featuredmedia":[{"embeddable":true,"href":"https:\/\/nw.orientadorweb.com\/blog\/wp-json\/wp\/v2\/media\/11752"}],"wp:attachment":[{"href":"https:\/\/nw.orientadorweb.com\/blog\/wp-json\/wp\/v2\/media?parent=11469"}],"wp:term":[{"taxonomy":"category","embeddable":true,"href":"https:\/\/nw.orientadorweb.com\/blog\/wp-json\/wp\/v2\/categories?post=11469"},{"taxonomy":"post_tag","embeddable":true,"href":"https:\/\/nw.orientadorweb.com\/blog\/wp-json\/wp\/v2\/tags?post=11469"}],"curies":[{"name":"wp","href":"https:\/\/api.w.org\/{rel}","templated":true}]}}