{"id":11506,"date":"2014-03-19T08:30:19","date_gmt":"2014-03-19T07:30:19","guid":{"rendered":"http:\/\/orientad-cp23.wordpresstemporal.com\/?p=11506"},"modified":"2016-10-21T12:28:52","modified_gmt":"2016-10-21T11:28:52","slug":"video-de-lo-mas-profundo-de-ti-emocional","status":"publish","type":"post","link":"https:\/\/nw.orientadorweb.com\/blog\/video-de-lo-mas-profundo-de-ti-emocional\/","title":{"rendered":"De lo m\u00e1s profundo de ti, Publicidad emocional"},"content":{"rendered":"<h2 style=\"text-align: justify;\">El marketing, la publicidad emocional<\/h2>\n<p style=\"text-align: justify;\">En la publicidad emocional nos encontramos con anuncios persuasivos que utilizan la v\u00eda emocional para llegar a los consumidores. No siempre hace falta relaci\u00f3n con la marca, mientras exprese intenciones, o en este caso, motivaci\u00f3n,emoci\u00f3n. El problema de utilizar la v\u00eda emocional es que los sentimientos no son patentables, por lo que otro producto podr\u00eda usar el mismo sentimiento, no tienes la exclusividad en su uso aunque si en la forma de hacerlo.<\/p>\n<p style=\"text-align: justify;\">Destacamos la caracter\u00edstica de la individualidad; este tipo de publicidad nos \u00abpromete\u00bb salir de esa masa de personas y ser \u00fanicos y diferentes. Pero sin embargo, la paradoja es que se uniforma al p\u00fablico; puesto que interesa que compren mientras m\u00e1s mejor, algo orientado en mi punto de vista al p\u00fablico masculino, aunque el sentimiento emocional no entiende de sexos.<\/p>\n<p style=\"text-align: justify;\">El tema y la intenci\u00f3n de dicho anuncio cumple la funci\u00f3n de huir de la monoton\u00eda, como bien se expresa en el gran mon\u00f3logo expuesto.<\/p>\n<p>Evidentemente cualquier v\u00eddeo emocional se podr\u00eda haber utilizado para cualquier campa\u00f1a de cualquier art\u00edculo, ya que no hace referencia al art\u00edculo o servicio, solo pretende emocionarnos, y que esta emoci\u00f3n la relacionemos con la marca. Es una marca que nos llena de emociones. \u00a0Utiliza la empat\u00eda como medio y como fin para llegar al consumidor. \u00bfLo consigue?.<\/p>\n<div class=\"fusion-fullwidth fullwidth-box fusion-builder-row-1 hundred-percent-fullwidth non-hundred-percent-height-scrolling\" style=\"--awb-border-radius-top-left:0px;--awb-border-radius-top-right:0px;--awb-border-radius-bottom-right:0px;--awb-border-radius-bottom-left:0px;--awb-overflow:visible;--awb-flex-wrap:wrap;\" ><div class=\"fusion-builder-row fusion-row\"><div class=\"fusion-layout-column fusion_builder_column fusion-builder-column-0 fusion_builder_column_1_1 1_1 fusion-one-full fusion-column-first fusion-column-last fusion-column-no-min-height\" style=\"--awb-bg-size:cover;\"><div class=\"fusion-column-wrapper fusion-flex-column-wrapper-legacy\"><div class=\"fusion-reading-box-container reading-box-container-1\" style=\"--awb-title-color:#333333;--awb-margin-top:0px;--awb-margin-bottom:84px;\"><div class=\"reading-box\" style=\"background-color:#f3f3f3;border-width:0px;border-color:#66ccff;border-left-width:3px;border-left-color:var(--primary_color);border-style:solid;\"><div class=\"fusion-reading-box-flex\"><h2>La publicidad emocional no habla tanto del producto como del p\u00fablico al que se dirige.<\/h2><\/div><\/div><svg style=\"opacity:0.7;\" xmlns=\"http:\/\/www.w3.org\/2000\/svg\" version=\"1.1\" width=\"100%\" viewBox=\"0 0 600 28\" preserveAspectRatio=\"none\"><g clip-path=\"url(#a)\"><mask id=\"b\" style=\"mask-type:luminance\" maskUnits=\"userSpaceOnUse\" x=\"0\" y=\"0\" width=\"600\" height=\"28\"><path d=\"M0 0h600v28H0V0Z\" fill=\"#fff\"\/><\/mask><g filter=\"url(#c)\" mask=\"url(#b)\"><path d=\"M16.439-18.667h567.123v30.8S438.961-8.4 300-8.4C161.04-8.4 16.438 12.133 16.438 12.133v-30.8Z\" fill=\"#000\"\/><\/g><\/g><defs><clipPath id=\"a\"><path fill=\"#fff\" d=\"M0 0h600v28H0z\"\/><\/clipPath><filter id=\"c\" x=\"5.438\" y=\"-29.667\" width=\"589.123\" height=\"52.8\" filterUnits=\"userSpaceOnUse\" color-interpolation-filters=\"sRGB\"><feFlood flood-opacity=\"0\" result=\"BackgroundImageFix\"\/><feBlend in=\"SourceGraphic\" in2=\"BackgroundImageFix\" result=\"shape\"\/><feGaussianBlur stdDeviation=\"5.5\" result=\"effect1_foregroundBlur_3983_183\"\/><\/filter><\/defs><\/svg><\/div>\n<p>Las personas no siempre toman decisiones pensadas y racionales. No todo lo que les gusta es el resultado de comparar las caracter\u00edsticas y detalles de los productos. En ocasiones las\u00a0aspiraciones personales individuales\u00a0o el deseo de conseguir logros que otros ya han logrado son la causa de su comportamiento.<\/p>\n<p>La publicidad emocional\u00a0no habla tanto del producto como del p\u00fablico al que se dirige. Aqu\u00e9l aparece como un elemento que forma parte del contexto en el que los protagonistas dejan ver sus sentimientos.<\/p>\n<p>Un ejemplo de publicidad emocional tambi\u00e9n lo encontramos en\u00a0el lanzamiento del\u00a0<i>SEAT Ibiza<\/i>. Por un precio semejante, el p\u00fablico tiene a su alcance muchos modelos de coche que se ajustan a sus necesidades y que le llevan a cualquier parte. Se hizo una campa\u00f1a basada en una propuesta emocional: personas llenas de ganas de vivir. J\u00f3venes, sensuales, mediterr\u00e1neos. Mientras sonaba el eslogan \u201cPeople\u00a0from\u00a0Ibiza\u201d ve\u00edamos sonrisas y ritmo, no datos sobre ABS, quinta velocidad, o aire acondicionado.<\/p>\n<p style=\"text-align: justify;\">Seg\u00fan Wikipedia encontramos que las\u00a0<b>emociones<\/b>\u00a0son reacciones\u00a0psicofisiol\u00f3gicas\u00a0que representan modos de adaptaci\u00f3n a ciertos est\u00edmulos del individuo cuando percibe un objeto, persona, lugar, suceso, o recuerdo importante.Psicol\u00f3gicamente, las emociones alteran la\u00a0atenci\u00f3n, hacen subir de rango ciertas\u00a0conductas\u00a0gu\u00eda de respuestas del individuo y activan redes asociativas relevantes en la\u00a0memoria.Fisiol\u00f3gicamente, las emociones organizan r\u00e1pidamente las respuestas de distintos sistemas biol\u00f3gicos, incluidas las\u00a0expresiones faciales, los\u00a0m\u00fasculos, la\u00a0voz, la\u00a0actividad del SNA\u00a0y la delsistema endocrino, a fin de establecer un medio interno \u00f3ptimo para el comportamiento m\u00e1s efectivo.<\/p>\n<p style=\"text-align: justify;\">Conductualmente, las emociones sirven para establecer nuestra posici\u00f3n con respecto a nuestro entorno, y nos impulsan hacia ciertas personas, objetos, acciones, ideas y nos alejan de otros. Las emociones act\u00faan tambi\u00e9n como dep\u00f3sito de influencias innatas y aprendidas, y poseen ciertas caracter\u00edsticas invariables y otras que muestran cierta variaci\u00f3n entre individuos, grupos y culturas.(Levenson, 1994).<\/p>\n<p>\u00a0 \u00a0 <iframe src=\"\/\/www.youtube.com\/embed\/hzyBZvE6DiU\" height=\"390\" width=\"640\" allowfullscreen=\"\" frameborder=\"0\"><\/iframe><\/p>\n<p>&nbsp;<\/p>\n<p>Tambi\u00e9n puedes encontrarlo junto a otros an\u00e1lisis \u00a0de v\u00eddeos en nuestro canal de <a title=\"De lo m\u00e1s profundo de ti, emocional\" href=\"http:\/\/www.youtube.com\/user\/orientadorwebvideos\" target=\"_blank\">Youtube<\/a>.<div class=\"fusion-clearfix\"><\/div><\/div><\/div><\/div><\/div>\n","protected":false},"excerpt":{"rendered":"<p>El marketing, la publicidad emocional En la publicidad emocional nos encontramos con anuncios persuasivos que utilizan la v\u00eda emocional para llegar a los consumidores. No siempre hace falta relaci\u00f3n con la marca, mientras exprese intenciones, o en este caso, motivaci\u00f3n,emoci\u00f3n. El problema de utilizar la v\u00eda emocional es que los sentimientos no son patentables, por lo que otro producto podr\u00eda usar el mismo sentimiento, no tienes la exclusividad en su uso aunque si en la forma de hacerlo. Destacamos la  [&#8230;]<\/p>\n","protected":false},"author":2,"featured_media":11716,"comment_status":"open","ping_status":"open","sticky":false,"template":"","format":"standard","meta":{"footnotes":""},"categories":[36,41,43],"tags":[47],"class_list":["post-11506","post","type-post","status-publish","format-standard","has-post-thumbnail","hentry","category-como-posicionar-web","category-publicidad-2","category-socialmedia-marketing","tag-community-manager"],"yoast_head":"<!-- This site is optimized with the Yoast SEO plugin v25.4 - https:\/\/yoast.com\/wordpress\/plugins\/seo\/ -->\n<title>De lo m\u00e1s profundo de ti, Publicidad emocional<\/title>\n<meta name=\"description\" content=\"En el an\u00e1lisis de este v\u00eddeo encontraremos la pautas de una publicidad emocional para que tu p\u00fablico objetivo piense y se vea a si mismo.\" \/>\n<meta name=\"robots\" content=\"noindex, follow, max-snippet:-1, max-image-preview:large, max-video-preview:-1\" \/>\n<meta property=\"og:locale\" content=\"es_ES\" \/>\n<meta property=\"og:type\" content=\"article\" \/>\n<meta property=\"og:title\" content=\"De lo m\u00e1s profundo de ti, Publicidad emocional\" \/>\n<meta property=\"og:description\" content=\"En el an\u00e1lisis de este v\u00eddeo encontraremos la pautas de una publicidad emocional para que tu p\u00fablico objetivo piense y se vea a si mismo.\" \/>\n<meta property=\"og:url\" content=\"https:\/\/nw.orientadorweb.com\/blog\/video-de-lo-mas-profundo-de-ti-emocional\/\" \/>\n<meta property=\"og:site_name\" content=\"Orientadorweb\" \/>\n<meta property=\"article:publisher\" content=\"https:\/\/www.facebook.com\/Orientadorweb?ref=hl\" \/>\n<meta property=\"article:published_time\" content=\"2014-03-19T07:30:19+00:00\" \/>\n<meta property=\"article:modified_time\" content=\"2016-10-21T11:28:52+00:00\" \/>\n<meta property=\"og:image\" content=\"https:\/\/nw.orientadorweb.com\/blog\/wp-content\/uploads\/2014\/03\/orientadorweb-video-emocional11.jpg\" \/>\n\t<meta property=\"og:image:width\" content=\"923\" \/>\n\t<meta property=\"og:image:height\" content=\"562\" \/>\n\t<meta property=\"og:image:type\" content=\"image\/jpeg\" \/>\n<meta name=\"author\" content=\"Eduardo J. Mej\u00edas Di\u00e1nez\" \/>\n<meta name=\"twitter:card\" content=\"summary_large_image\" \/>\n<meta name=\"twitter:creator\" content=\"@orientadorweb\" \/>\n<meta name=\"twitter:site\" content=\"@orientadorweb\" \/>\n<meta name=\"twitter:label1\" content=\"Escrito por\" \/>\n\t<meta name=\"twitter:data1\" content=\"Eduardo J. Mej\u00edas Di\u00e1nez\" \/>\n\t<meta name=\"twitter:label2\" content=\"Tiempo de lectura\" \/>\n\t<meta name=\"twitter:data2\" content=\"4 minutos\" \/>\n<script type=\"application\/ld+json\" class=\"yoast-schema-graph\">{\"@context\":\"https:\/\/schema.org\",\"@graph\":[{\"@type\":\"WebPage\",\"@id\":\"https:\/\/nw.orientadorweb.com\/blog\/video-de-lo-mas-profundo-de-ti-emocional\/\",\"url\":\"https:\/\/nw.orientadorweb.com\/blog\/video-de-lo-mas-profundo-de-ti-emocional\/\",\"name\":\"De lo m\u00e1s profundo de ti, Publicidad emocional\",\"isPartOf\":{\"@id\":\"https:\/\/nw.orientadorweb.com\/blog\/#website\"},\"primaryImageOfPage\":{\"@id\":\"https:\/\/nw.orientadorweb.com\/blog\/video-de-lo-mas-profundo-de-ti-emocional\/#primaryimage\"},\"image\":{\"@id\":\"https:\/\/nw.orientadorweb.com\/blog\/video-de-lo-mas-profundo-de-ti-emocional\/#primaryimage\"},\"thumbnailUrl\":\"https:\/\/nw.orientadorweb.com\/blog\/wp-content\/uploads\/2014\/03\/orientadorweb-video-emocional11.jpg\",\"datePublished\":\"2014-03-19T07:30:19+00:00\",\"dateModified\":\"2016-10-21T11:28:52+00:00\",\"author\":{\"@id\":\"https:\/\/nw.orientadorweb.com\/blog\/#\/schema\/person\/ed3fd688256838875310cad7ff892936\"},\"description\":\"En el an\u00e1lisis de este v\u00eddeo encontraremos la pautas de una publicidad emocional para que tu p\u00fablico objetivo piense y se vea a si mismo.\",\"breadcrumb\":{\"@id\":\"https:\/\/nw.orientadorweb.com\/blog\/video-de-lo-mas-profundo-de-ti-emocional\/#breadcrumb\"},\"inLanguage\":\"es\",\"potentialAction\":[{\"@type\":\"ReadAction\",\"target\":[\"https:\/\/nw.orientadorweb.com\/blog\/video-de-lo-mas-profundo-de-ti-emocional\/\"]}]},{\"@type\":\"ImageObject\",\"inLanguage\":\"es\",\"@id\":\"https:\/\/nw.orientadorweb.com\/blog\/video-de-lo-mas-profundo-de-ti-emocional\/#primaryimage\",\"url\":\"https:\/\/nw.orientadorweb.com\/blog\/wp-content\/uploads\/2014\/03\/orientadorweb-video-emocional11.jpg\",\"contentUrl\":\"https:\/\/nw.orientadorweb.com\/blog\/wp-content\/uploads\/2014\/03\/orientadorweb-video-emocional11.jpg\",\"width\":923,\"height\":562,\"caption\":\"marketing emocional\"},{\"@type\":\"BreadcrumbList\",\"@id\":\"https:\/\/nw.orientadorweb.com\/blog\/video-de-lo-mas-profundo-de-ti-emocional\/#breadcrumb\",\"itemListElement\":[{\"@type\":\"ListItem\",\"position\":1,\"name\":\"Portada\",\"item\":\"https:\/\/nw.orientadorweb.com\/blog\/\"},{\"@type\":\"ListItem\",\"position\":2,\"name\":\"De lo m\u00e1s profundo de ti, Publicidad emocional\"}]},{\"@type\":\"WebSite\",\"@id\":\"https:\/\/nw.orientadorweb.com\/blog\/#website\",\"url\":\"https:\/\/nw.orientadorweb.com\/blog\/\",\"name\":\"Orientadorweb\",\"description\":\"Marketing Online - Posicionamiento Web\",\"potentialAction\":[{\"@type\":\"SearchAction\",\"target\":{\"@type\":\"EntryPoint\",\"urlTemplate\":\"https:\/\/nw.orientadorweb.com\/blog\/?s={search_term_string}\"},\"query-input\":{\"@type\":\"PropertyValueSpecification\",\"valueRequired\":true,\"valueName\":\"search_term_string\"}}],\"inLanguage\":\"es\"},{\"@type\":\"Person\",\"@id\":\"https:\/\/nw.orientadorweb.com\/blog\/#\/schema\/person\/ed3fd688256838875310cad7ff892936\",\"name\":\"Eduardo J. Mej\u00edas Di\u00e1nez\",\"image\":{\"@type\":\"ImageObject\",\"inLanguage\":\"es\",\"@id\":\"https:\/\/nw.orientadorweb.com\/blog\/#\/schema\/person\/image\/\",\"url\":\"https:\/\/secure.gravatar.com\/avatar\/fe6f6dfd10373e6925b80460b76d04f602fbe05077663fc9592948fdc2702cf7?s=96&d=identicon&r=g\",\"contentUrl\":\"https:\/\/secure.gravatar.com\/avatar\/fe6f6dfd10373e6925b80460b76d04f602fbe05077663fc9592948fdc2702cf7?s=96&d=identicon&r=g\",\"caption\":\"Eduardo J. Mej\u00edas Di\u00e1nez\"},\"description\":\"Trabajador nato. El secreto: m\u00e1rcarte objetivos claros, medibles y reales, y lucha por ellos d\u00eda a d\u00eda. Descubriendo siempre cosas nuevas...\",\"sameAs\":[\"https:\/\/x.com\/orientadorweb\"],\"url\":\"https:\/\/nw.orientadorweb.com\/blog\/author\/edu\/\"}]}<\/script>\n<!-- \/ Yoast SEO plugin. -->","yoast_head_json":{"title":"De lo m\u00e1s profundo de ti, Publicidad emocional","description":"En el an\u00e1lisis de este v\u00eddeo encontraremos la pautas de una publicidad emocional para que tu p\u00fablico objetivo piense y se vea a si mismo.","robots":{"index":"noindex","follow":"follow","max-snippet":"max-snippet:-1","max-image-preview":"max-image-preview:large","max-video-preview":"max-video-preview:-1"},"og_locale":"es_ES","og_type":"article","og_title":"De lo m\u00e1s profundo de ti, Publicidad emocional","og_description":"En el an\u00e1lisis de este v\u00eddeo encontraremos la pautas de una publicidad emocional para que tu p\u00fablico objetivo piense y se vea a si mismo.","og_url":"https:\/\/nw.orientadorweb.com\/blog\/video-de-lo-mas-profundo-de-ti-emocional\/","og_site_name":"Orientadorweb","article_publisher":"https:\/\/www.facebook.com\/Orientadorweb?ref=hl","article_published_time":"2014-03-19T07:30:19+00:00","article_modified_time":"2016-10-21T11:28:52+00:00","og_image":[{"width":923,"height":562,"url":"https:\/\/nw.orientadorweb.com\/blog\/wp-content\/uploads\/2014\/03\/orientadorweb-video-emocional11.jpg","type":"image\/jpeg"}],"author":"Eduardo J. Mej\u00edas Di\u00e1nez","twitter_card":"summary_large_image","twitter_creator":"@orientadorweb","twitter_site":"@orientadorweb","twitter_misc":{"Escrito por":"Eduardo J. Mej\u00edas Di\u00e1nez","Tiempo de lectura":"4 minutos"},"schema":{"@context":"https:\/\/schema.org","@graph":[{"@type":"WebPage","@id":"https:\/\/nw.orientadorweb.com\/blog\/video-de-lo-mas-profundo-de-ti-emocional\/","url":"https:\/\/nw.orientadorweb.com\/blog\/video-de-lo-mas-profundo-de-ti-emocional\/","name":"De lo m\u00e1s profundo de ti, Publicidad emocional","isPartOf":{"@id":"https:\/\/nw.orientadorweb.com\/blog\/#website"},"primaryImageOfPage":{"@id":"https:\/\/nw.orientadorweb.com\/blog\/video-de-lo-mas-profundo-de-ti-emocional\/#primaryimage"},"image":{"@id":"https:\/\/nw.orientadorweb.com\/blog\/video-de-lo-mas-profundo-de-ti-emocional\/#primaryimage"},"thumbnailUrl":"https:\/\/nw.orientadorweb.com\/blog\/wp-content\/uploads\/2014\/03\/orientadorweb-video-emocional11.jpg","datePublished":"2014-03-19T07:30:19+00:00","dateModified":"2016-10-21T11:28:52+00:00","author":{"@id":"https:\/\/nw.orientadorweb.com\/blog\/#\/schema\/person\/ed3fd688256838875310cad7ff892936"},"description":"En el an\u00e1lisis de este v\u00eddeo encontraremos la pautas de una publicidad emocional para que tu p\u00fablico objetivo piense y se vea a si mismo.","breadcrumb":{"@id":"https:\/\/nw.orientadorweb.com\/blog\/video-de-lo-mas-profundo-de-ti-emocional\/#breadcrumb"},"inLanguage":"es","potentialAction":[{"@type":"ReadAction","target":["https:\/\/nw.orientadorweb.com\/blog\/video-de-lo-mas-profundo-de-ti-emocional\/"]}]},{"@type":"ImageObject","inLanguage":"es","@id":"https:\/\/nw.orientadorweb.com\/blog\/video-de-lo-mas-profundo-de-ti-emocional\/#primaryimage","url":"https:\/\/nw.orientadorweb.com\/blog\/wp-content\/uploads\/2014\/03\/orientadorweb-video-emocional11.jpg","contentUrl":"https:\/\/nw.orientadorweb.com\/blog\/wp-content\/uploads\/2014\/03\/orientadorweb-video-emocional11.jpg","width":923,"height":562,"caption":"marketing emocional"},{"@type":"BreadcrumbList","@id":"https:\/\/nw.orientadorweb.com\/blog\/video-de-lo-mas-profundo-de-ti-emocional\/#breadcrumb","itemListElement":[{"@type":"ListItem","position":1,"name":"Portada","item":"https:\/\/nw.orientadorweb.com\/blog\/"},{"@type":"ListItem","position":2,"name":"De lo m\u00e1s profundo de ti, Publicidad emocional"}]},{"@type":"WebSite","@id":"https:\/\/nw.orientadorweb.com\/blog\/#website","url":"https:\/\/nw.orientadorweb.com\/blog\/","name":"Orientadorweb","description":"Marketing Online - Posicionamiento Web","potentialAction":[{"@type":"SearchAction","target":{"@type":"EntryPoint","urlTemplate":"https:\/\/nw.orientadorweb.com\/blog\/?s={search_term_string}"},"query-input":{"@type":"PropertyValueSpecification","valueRequired":true,"valueName":"search_term_string"}}],"inLanguage":"es"},{"@type":"Person","@id":"https:\/\/nw.orientadorweb.com\/blog\/#\/schema\/person\/ed3fd688256838875310cad7ff892936","name":"Eduardo J. Mej\u00edas Di\u00e1nez","image":{"@type":"ImageObject","inLanguage":"es","@id":"https:\/\/nw.orientadorweb.com\/blog\/#\/schema\/person\/image\/","url":"https:\/\/secure.gravatar.com\/avatar\/fe6f6dfd10373e6925b80460b76d04f602fbe05077663fc9592948fdc2702cf7?s=96&d=identicon&r=g","contentUrl":"https:\/\/secure.gravatar.com\/avatar\/fe6f6dfd10373e6925b80460b76d04f602fbe05077663fc9592948fdc2702cf7?s=96&d=identicon&r=g","caption":"Eduardo J. Mej\u00edas Di\u00e1nez"},"description":"Trabajador nato. El secreto: m\u00e1rcarte objetivos claros, medibles y reales, y lucha por ellos d\u00eda a d\u00eda. Descubriendo siempre cosas nuevas...","sameAs":["https:\/\/x.com\/orientadorweb"],"url":"https:\/\/nw.orientadorweb.com\/blog\/author\/edu\/"}]}},"_links":{"self":[{"href":"https:\/\/nw.orientadorweb.com\/blog\/wp-json\/wp\/v2\/posts\/11506","targetHints":{"allow":["GET"]}}],"collection":[{"href":"https:\/\/nw.orientadorweb.com\/blog\/wp-json\/wp\/v2\/posts"}],"about":[{"href":"https:\/\/nw.orientadorweb.com\/blog\/wp-json\/wp\/v2\/types\/post"}],"author":[{"embeddable":true,"href":"https:\/\/nw.orientadorweb.com\/blog\/wp-json\/wp\/v2\/users\/2"}],"replies":[{"embeddable":true,"href":"https:\/\/nw.orientadorweb.com\/blog\/wp-json\/wp\/v2\/comments?post=11506"}],"version-history":[{"count":0,"href":"https:\/\/nw.orientadorweb.com\/blog\/wp-json\/wp\/v2\/posts\/11506\/revisions"}],"wp:featuredmedia":[{"embeddable":true,"href":"https:\/\/nw.orientadorweb.com\/blog\/wp-json\/wp\/v2\/media\/11716"}],"wp:attachment":[{"href":"https:\/\/nw.orientadorweb.com\/blog\/wp-json\/wp\/v2\/media?parent=11506"}],"wp:term":[{"taxonomy":"category","embeddable":true,"href":"https:\/\/nw.orientadorweb.com\/blog\/wp-json\/wp\/v2\/categories?post=11506"},{"taxonomy":"post_tag","embeddable":true,"href":"https:\/\/nw.orientadorweb.com\/blog\/wp-json\/wp\/v2\/tags?post=11506"}],"curies":[{"name":"wp","href":"https:\/\/api.w.org\/{rel}","templated":true}]}}